{"id":5109,"date":"2023-06-30T12:34:19","date_gmt":"2023-06-30T10:34:19","guid":{"rendered":"https:\/\/szkolenia-udt.pl\/?p=5109"},"modified":"2023-06-30T12:34:21","modified_gmt":"2023-06-30T10:34:21","slug":"rodo-que-es-y-que-cubre","status":"publish","type":"post","link":"https:\/\/szkolenia-udt.pl\/es\/publikacje\/rodo-czym-jest-i-czego-dotyczy\/","title":{"rendered":"RODO: qu\u00e9 es y qu\u00e9 cubre"},"content":{"rendered":"<h2 class=\"wp-block-heading\">Normativa<\/h2>\n\n\n\n<p>RODO es el equivalente del GDPR ingl\u00e9s (Reglamento General de Protecci\u00f3n de Datos): se trata de un reglamento de la UE que contiene disposiciones sobre la protecci\u00f3n de las personas en relaci\u00f3n con el tratamiento de datos personales, as\u00ed como normas legales sobre la libre circulaci\u00f3n de datos personales. En Polonia, el nombre RODO significa Reglamento sobre Protecci\u00f3n de Datos Personales.&nbsp;&nbsp;<\/p>\n\n\n<div class=\"wp-block-image\">\n<figure class=\"alignleft size-large is-resized\"><a href=\"https:\/\/szkolenia-udt.pl\/wp-content\/uploads\/2023\/05\/screen_2x-2023-05-15T152632.404.jpg\"><img loading=\"lazy\" decoding=\"async\" src=\"https:\/\/szkolenia-udt.pl\/wp-content\/uploads\/2023\/05\/screen_2x-2023-05-15T152632.404-1024x683.jpg\" alt=\"Marca de la Uni\u00f3n Europea\" class=\"wp-image-5111\" width=\"512\" height=\"342\" srcset=\"https:\/\/szkolenia-udt.pl\/wp-content\/uploads\/2023\/05\/screen_2x-2023-05-15T152632.404-1024x683.jpg 1024w, https:\/\/szkolenia-udt.pl\/wp-content\/uploads\/2023\/05\/screen_2x-2023-05-15T152632.404-300x200.jpg 300w, https:\/\/szkolenia-udt.pl\/wp-content\/uploads\/2023\/05\/screen_2x-2023-05-15T152632.404-768x512.jpg 768w, https:\/\/szkolenia-udt.pl\/wp-content\/uploads\/2023\/05\/screen_2x-2023-05-15T152632.404-1536x1024.jpg 1536w, https:\/\/szkolenia-udt.pl\/wp-content\/uploads\/2023\/05\/screen_2x-2023-05-15T152632.404-18x12.jpg 18w, https:\/\/szkolenia-udt.pl\/wp-content\/uploads\/2023\/05\/screen_2x-2023-05-15T152632.404.jpg 1600w\" sizes=\"auto, (max-width: 512px) 100vw, 512px\" \/><\/a><\/figure>\n<\/div>\n\n\n<p>Este Reglamento del Parlamento Europeo y del Consejo de la Uni\u00f3n Europea, de 27 de abril de 2016, entr\u00f3 plenamente en vigor el 25 de mayo de 2018.  Su objetivo es la libre circulaci\u00f3n de datos personales en la Uni\u00f3n Europea, un mejor control de dichos datos y la armonizaci\u00f3n del Derecho y la adaptaci\u00f3n de las normas de modo que respondan a las distintas amenazas tecnol\u00f3gicas del siglo XXI.&nbsp;&nbsp;<\/p>\n\n\n\n<h2 class=\"wp-block-heading\">\u00bfQui\u00e9n est\u00e1 cubierto por el RODO?&nbsp;&nbsp;<\/h2>\n\n\n\n<p>El reglamento hace referencia a:&nbsp;&nbsp;<\/p>\n\n\n\n<ul class=\"wp-block-list\">\n<li>Cualquier empresario o empresa que preste sus servicios o productos a particulares dentro de la Uni\u00f3n Europea.&nbsp;<\/li>\n\n\n\n<li>Cualquier empresa con sede fuera de la Uni\u00f3n Europea, pero que preste servicios a personas que viven en ella. Esto se aplica no s\u00f3lo a las grandes empresas mundiales, sino tambi\u00e9n a las peque\u00f1as empresas locales, por ejemplo, las que prestan servicios de internet.&nbsp;&nbsp;<\/li>\n<\/ul>\n\n\n\n<p>RODO no se aplica:&nbsp;<\/p>\n\n\n\n<ul class=\"wp-block-list\">\n<li>personas jur\u00eddicas,&nbsp;<\/li>\n\n\n\n<li>personas fallecidas.&nbsp;<\/li>\n<\/ul>\n\n\n\n<p><strong>Datos personales: qu\u00e9 son exactamente. Cambios clave tras la entrada en vigor del Reglamento de Protecci\u00f3n de Datos&nbsp;<\/strong>&nbsp;<\/p>\n\n\n\n<p>Los datos personales son toda aquella informaci\u00f3n a partir de la cual podemos identificar a un individuo vivo. Incluyen:&nbsp;<\/p>\n\n\n\n<ul class=\"wp-block-list\">\n<li>Nombre;&nbsp;<\/li>\n\n\n\n<li>Direcci\u00f3n de residencia;&nbsp;<\/li>\n\n\n\n<li>N\u00famero del documento de identidad;&nbsp;<\/li>\n\n\n\n<li>Direcci\u00f3n de correo electr\u00f3nico en la que aparecen el nombre y los apellidos;&nbsp;&nbsp;<\/li>\n\n\n\n<li>Datos personales en poder del servicio sanitario (m\u00e9dico u hospital);&nbsp;<\/li>\n<\/ul>\n\n\n\n<p>Y tambi\u00e9n:&nbsp;<\/p>\n\n\n\n<ul class=\"wp-block-list\">\n<li>Direcci\u00f3n IP;&nbsp;<\/li>\n\n\n\n<li>Datos precisos sobre nuestra ubicaci\u00f3n (por ejemplo, fijados en el tel\u00e9fono);&nbsp;<\/li>\n<\/ul>\n\n\n\n<p>Tampoco es posible tratar los datos en cuesti\u00f3n:&nbsp;<\/p>\n\n\n\n<ul class=\"wp-block-list\">\n<li>Ingresos;&nbsp;<\/li>\n\n\n\n<li>Orientaci\u00f3n sexual;&nbsp;<\/li>\n\n\n\n<li>Opiniones pol\u00edticas;&nbsp;&nbsp;<\/li>\n\n\n\n<li>Afiliaci\u00f3n sindical;&nbsp;<\/li>\n\n\n\n<li>Creencias filos\u00f3ficas y creencias religiosas;&nbsp;<\/li>\n<\/ul>\n\n\n\n<p>En cambio, los datos personales no lo son:&nbsp;<\/p>\n\n\n\n<ul class=\"wp-block-list\">\n<li>N\u00famero KRS;&nbsp;<\/li>\n\n\n\n<li>Datos an\u00f3nimos;&nbsp;<\/li>\n\n\n\n<li>Una direcci\u00f3n de correo electr\u00f3nico en la que no aparezca nuestro nombre, por ejemplo: rejestracja@firma.com.&nbsp;<\/li>\n<\/ul>\n\n\n\n<p>Los datos personales, cuando se procesan, van a parar a diversas organizaciones o empresas. Las principales entidades que tratan datos personales son:&nbsp;<\/p>\n\n\n\n<ol class=\"wp-block-list\" start=\"1\">\n<li><strong>Controlador de datos<\/strong> - decide c\u00f3mo procesa los datos personales y con qu\u00e9 fin.&nbsp;<\/li>\n<\/ol>\n\n\n\n<ol class=\"wp-block-list\" start=\"2\">\n<li><strong>Procesador <\/strong>- trata datos personales por cuenta del responsable del tratamiento. Sus responsabilidades deben establecerse en un contrato u otro acto jur\u00eddico. Sus tareas incluyen, por ejemplo, el suministro de diversas soluciones inform\u00e1ticas.&nbsp;&nbsp;<\/li>\n<\/ol>\n\n\n<div class=\"wp-block-image\">\n<figure class=\"alignright size-large is-resized\"><a href=\"https:\/\/szkolenia-udt.pl\/wp-content\/uploads\/2023\/05\/screen_2x-2023-05-16T133304.332.jpg\"><img loading=\"lazy\" decoding=\"async\" src=\"https:\/\/szkolenia-udt.pl\/wp-content\/uploads\/2023\/05\/screen_2x-2023-05-16T133304.332-1024x683.jpg\" alt=\"documento de identidad con datos personales\" class=\"wp-image-5112\" width=\"512\" height=\"342\" srcset=\"https:\/\/szkolenia-udt.pl\/wp-content\/uploads\/2023\/05\/screen_2x-2023-05-16T133304.332-1024x683.jpg 1024w, https:\/\/szkolenia-udt.pl\/wp-content\/uploads\/2023\/05\/screen_2x-2023-05-16T133304.332-300x200.jpg 300w, https:\/\/szkolenia-udt.pl\/wp-content\/uploads\/2023\/05\/screen_2x-2023-05-16T133304.332-768x512.jpg 768w, https:\/\/szkolenia-udt.pl\/wp-content\/uploads\/2023\/05\/screen_2x-2023-05-16T133304.332-1536x1024.jpg 1536w, https:\/\/szkolenia-udt.pl\/wp-content\/uploads\/2023\/05\/screen_2x-2023-05-16T133304.332-18x12.jpg 18w, https:\/\/szkolenia-udt.pl\/wp-content\/uploads\/2023\/05\/screen_2x-2023-05-16T133304.332.jpg 1600w\" sizes=\"auto, (max-width: 512px) 100vw, 512px\" \/><\/a><\/figure>\n<\/div>\n\n\n<p>El responsable de la protecci\u00f3n de datos (RPD) designado por la empresa supervisa el tratamiento de los datos personales en la empresa. Tambi\u00e9n informa a los empleados de sus obligaciones y les asesora sobre el tratamiento de datos personales.&nbsp;<\/p>\n\n\n\n<p>El Reglamento de la UE ha introducido numerosos cambios en relaci\u00f3n con los datos personales: almacenamiento, administraci\u00f3n, transferencia o supresi\u00f3n. Tambi\u00e9n ha regulado las sanciones administrativas en caso de incumplimiento (que pueden alcanzar los 20 millones de euros o el 4% del volumen de negocios total anual del empresario,). Los cambios que entraron en vigor con el reglamento RODO se refieren a:&nbsp;<\/p>\n\n\n\n<ul class=\"wp-block-list\">\n<li>Extensi\u00f3n de la normativa a las empresas de fuera de la Uni\u00f3n Europea.&nbsp;<\/li>\n\n\n\n<li>Ampliar la definici\u00f3n del concepto de datos personales para incluir datos biom\u00e9tricos\/gen\u00e9ticos, datos relativos a nuestra salud.&nbsp;<\/li>\n\n\n\n<li>Responsabilidad directa del tratamiento de datos personales (se incluye el riesgo de sanciones econ\u00f3micas) y obtenci\u00f3n del consentimiento para tratar dichos datos.&nbsp;<\/li>\n\n\n\n<li>Obligaci\u00f3n de notificar las infracciones.&nbsp;<\/li>\n\n\n\n<li>Nombramiento del responsable de la protecci\u00f3n de datos.&nbsp;<\/li>\n\n\n\n<li>Facilitar la transferencia internacional de datos personales.&nbsp;<\/li>\n\n\n\n<li>Ampliaci\u00f3n de los derechos de todo ciudadano: derecho a acceder, completar y rectificar los datos y derecho a solicitar la portabilidad de los datos. El ciudadano tambi\u00e9n tiene derecho a ''ser olvidado'' (relacionado con la supresi\u00f3n de datos personales).&nbsp;&nbsp;<\/li>\n<\/ul>\n\n\n\n<p>La normativa RODO se basa en varios principios, que son el punto de partida de la legislaci\u00f3n:&nbsp;<\/p>\n\n\n\n<ol class=\"wp-block-list\" start=\"1\">\n<li>Fiabilidad y transparencia;&nbsp;<\/li>\n<\/ol>\n\n\n\n<ol class=\"wp-block-list\" start=\"2\">\n<li>Correcci\u00f3n;&nbsp;<\/li>\n<\/ol>\n\n\n\n<ol class=\"wp-block-list\" start=\"3\">\n<li>Confidencialidad;&nbsp;<\/li>\n<\/ol>\n\n\n\n<ol class=\"wp-block-list\" start=\"4\">\n<li>Cumplimiento legal.&nbsp;<\/li>\n<\/ol>\n\n\n\n<h2 class=\"wp-block-heading\">Formaci\u00f3n RODO&nbsp;<\/h2>\n\n\n\n<p>Toda la informaci\u00f3n relativa al reglamento de la UE, conocido en Polonia como RODO, es extremadamente importante para cualquier empresa. El tema es bastante extenso y requiere dedicarle tiempo para familiarizarse con \u00e9l. Por eso surgen empresas especializadas en organizar cursos de formaci\u00f3n sobre RODO.&nbsp;&nbsp;<\/p>\n\n\n\n<p>Los cursos de formaci\u00f3n sobre protecci\u00f3n de datos personales conforme al Reglamento de la UE est\u00e1n dirigidos principalmente a los responsables del tratamiento de datos y a sus empleados.  Durante los cursos, el participante aprende sobre:&nbsp;<\/p>\n\n\n\n<ul class=\"wp-block-list\">\n<li>Bases jur\u00eddicas para el tratamiento de datos personales;&nbsp;<\/li>\n\n\n\n<li>Definiciones de protecci\u00f3n de datos;&nbsp;<\/li>\n\n\n\n<li>Procesamiento de datos personales (c\u00f3mo procesarlos de acuerdo con los requisitos del RODO y el C\u00f3digo Laboral);&nbsp;<\/li>\n\n\n\n<li>Los conceptos; responsable del tratamiento, encargado del tratamiento, delegado de protecci\u00f3n de datos y las tareas que les corresponden;&nbsp;<\/li>\n\n\n\n<li>el tema de la estructura organizativa;&nbsp;<\/li>\n\n\n\n<li>Sanciones administrativas y su importe;&nbsp;<\/li>\n\n\n\n<li>Registro de actividades de tratamiento de datos personales y cu\u00e1les son las condiciones del consentimiento para el tratamiento de datos personales. El participante aprende qu\u00e9 es este registro;&nbsp;&nbsp;<\/li>\n\n\n\n<li>Qu\u00e9 medidas de protecci\u00f3n de datos se ajustan al RODO;&nbsp;<\/li>\n\n\n\n<li>Derechos de las personas cuyos datos personales se tratan.&nbsp;<\/li>\n<\/ul>\n\n\n<div class=\"wp-block-image\">\n<figure class=\"alignright size-large is-resized\"><a href=\"https:\/\/szkolenia-udt.pl\/wp-content\/uploads\/2023\/05\/screen_2x-2023-05-16T133421.938.jpg\"><img loading=\"lazy\" decoding=\"async\" src=\"https:\/\/szkolenia-udt.pl\/wp-content\/uploads\/2023\/05\/screen_2x-2023-05-16T133421.938-1024x683.jpg\" alt=\"Formaci\u00f3n sobre protecci\u00f3n de datos\" class=\"wp-image-5113\" width=\"512\" height=\"342\" srcset=\"https:\/\/szkolenia-udt.pl\/wp-content\/uploads\/2023\/05\/screen_2x-2023-05-16T133421.938-1024x683.jpg 1024w, https:\/\/szkolenia-udt.pl\/wp-content\/uploads\/2023\/05\/screen_2x-2023-05-16T133421.938-300x200.jpg 300w, https:\/\/szkolenia-udt.pl\/wp-content\/uploads\/2023\/05\/screen_2x-2023-05-16T133421.938-768x512.jpg 768w, https:\/\/szkolenia-udt.pl\/wp-content\/uploads\/2023\/05\/screen_2x-2023-05-16T133421.938-1536x1024.jpg 1536w, https:\/\/szkolenia-udt.pl\/wp-content\/uploads\/2023\/05\/screen_2x-2023-05-16T133421.938-18x12.jpg 18w, https:\/\/szkolenia-udt.pl\/wp-content\/uploads\/2023\/05\/screen_2x-2023-05-16T133421.938.jpg 1600w\" sizes=\"auto, (max-width: 512px) 100vw, 512px\" \/><\/a><\/figure>\n<\/div>\n\n\n<p>A menudo, los cursos adoptan la forma de clases te\u00f3ricas y pr\u00e1cticas.  Merece la pena que todas las empresas realicen este tipo de formaci\u00f3n al menos una vez y familiaricen a sus empleados con conocimientos y habilidades pr\u00e1cticas. Los participantes pueden recibir material de formaci\u00f3n y un certificado RODO.&nbsp;<\/p>\n\n\n\n<p>CSO - <a href=\"https:\/\/szkolenia-udt.pl\/es\/o-firmie\/\">Centro de formaci\u00f3n de operadores<\/a> ofrece cursos de formaci\u00f3n de alto nivel sobre temas de protecci\u00f3n de datos. En ellos aprender\u00e1 todo lo que necesita saber sobre RODO. Contamos con instructores experimentados y nuestros m\u00e9todos de ense\u00f1anza son los m\u00e1s modernos y nos permiten transmitir los conocimientos con eficacia. Nuestro centro est\u00e1 situado en Varsovia, pero operamos en todo el pa\u00eds. No dude en ponerse en contacto con nosotros.&nbsp;<\/p>","protected":false},"excerpt":{"rendered":"<p>Regulacje prawne RODO to odpowiednik angielskiego GDPR (General Data Protection Regulation) \u2013 jest to unijne rozporz\u0105dzenie, kt\u00f3re zawiera przepisy dotycz\u0105ce ochrony os\u00f3b fizycznych w zwi\u0105zku z przetwarzaniem danych osobowych, a tak\u017ce regulacje prawne o swobodnym przep\u0142ywie danych osobowych. W Polsce wyst\u0119puje nazwa RODO oznaczaj\u0105ca Rozporz\u0105dzenie o Ochronie Danych Osobowych.&nbsp;&nbsp; To Rozporz\u0105dzenie Parlamentu Europejskiego i Rady [&hellip;]<\/p>\n","protected":false},"author":10,"featured_media":5113,"comment_status":"closed","ping_status":"closed","sticky":false,"template":"","format":"standard","meta":{"footnotes":""},"categories":[1],"tags":[],"class_list":["post-5109","post","type-post","status-publish","format-standard","has-post-thumbnail","hentry","category-bez-kategorii"],"aioseo_notices":[],"_links":{"self":[{"href":"https:\/\/szkolenia-udt.pl\/es\/wp-json\/wp\/v2\/posts\/5109","targetHints":{"allow":["GET"]}}],"collection":[{"href":"https:\/\/szkolenia-udt.pl\/es\/wp-json\/wp\/v2\/posts"}],"about":[{"href":"https:\/\/szkolenia-udt.pl\/es\/wp-json\/wp\/v2\/types\/post"}],"author":[{"embeddable":true,"href":"https:\/\/szkolenia-udt.pl\/es\/wp-json\/wp\/v2\/users\/10"}],"replies":[{"embeddable":true,"href":"https:\/\/szkolenia-udt.pl\/es\/wp-json\/wp\/v2\/comments?post=5109"}],"version-history":[{"count":3,"href":"https:\/\/szkolenia-udt.pl\/es\/wp-json\/wp\/v2\/posts\/5109\/revisions"}],"predecessor-version":[{"id":5274,"href":"https:\/\/szkolenia-udt.pl\/es\/wp-json\/wp\/v2\/posts\/5109\/revisions\/5274"}],"wp:featuredmedia":[{"embeddable":true,"href":"https:\/\/szkolenia-udt.pl\/es\/wp-json\/wp\/v2\/media\/5113"}],"wp:attachment":[{"href":"https:\/\/szkolenia-udt.pl\/es\/wp-json\/wp\/v2\/media?parent=5109"}],"wp:term":[{"taxonomy":"category","embeddable":true,"href":"https:\/\/szkolenia-udt.pl\/es\/wp-json\/wp\/v2\/categories?post=5109"},{"taxonomy":"post_tag","embeddable":true,"href":"https:\/\/szkolenia-udt.pl\/es\/wp-json\/wp\/v2\/tags?post=5109"}],"curies":[{"name":"wp","href":"https:\/\/api.w.org\/{rel}","templated":true}]}}