{"id":5109,"date":"2023-06-30T12:34:19","date_gmt":"2023-06-30T10:34:19","guid":{"rendered":"https:\/\/szkolenia-udt.pl\/?p=5109"},"modified":"2023-06-30T12:34:21","modified_gmt":"2023-06-30T10:34:21","slug":"rodo-hva-det-er-og-hva-det-dekker","status":"publish","type":"post","link":"https:\/\/szkolenia-udt.pl\/nb\/publikacje\/rodo-czym-jest-i-czego-dotyczy\/","title":{"rendered":"RODO - hva det er og hva det dekker"},"content":{"rendered":"<h2 class=\"wp-block-heading\">Forskrifter<\/h2>\n\n\n\n<p>RODO tilsvarer det engelske GDPR (General Data Protection Regulation) - det er en EU-forordning som inneholder bestemmelser om beskyttelse av enkeltpersoner i forbindelse med behandling av personopplysninger, samt lovbestemmelser om fri flyt av personopplysninger. I Polen st\u00e5r navnet RODO for Regulation on the Protection of Personal Data (forordning om beskyttelse av personopplysninger).&nbsp;&nbsp;<\/p>\n\n\n<div class=\"wp-block-image\">\n<figure class=\"alignleft size-large is-resized\"><a href=\"https:\/\/szkolenia-udt.pl\/wp-content\/uploads\/2023\/05\/screen_2x-2023-05-15T152632.404.jpg\"><img loading=\"lazy\" decoding=\"async\" src=\"https:\/\/szkolenia-udt.pl\/wp-content\/uploads\/2023\/05\/screen_2x-2023-05-15T152632.404-1024x683.jpg\" alt=\"Den europeiske unions merke\" class=\"wp-image-5111\" width=\"512\" height=\"342\" srcset=\"https:\/\/szkolenia-udt.pl\/wp-content\/uploads\/2023\/05\/screen_2x-2023-05-15T152632.404-1024x683.jpg 1024w, https:\/\/szkolenia-udt.pl\/wp-content\/uploads\/2023\/05\/screen_2x-2023-05-15T152632.404-300x200.jpg 300w, https:\/\/szkolenia-udt.pl\/wp-content\/uploads\/2023\/05\/screen_2x-2023-05-15T152632.404-768x512.jpg 768w, https:\/\/szkolenia-udt.pl\/wp-content\/uploads\/2023\/05\/screen_2x-2023-05-15T152632.404-1536x1024.jpg 1536w, https:\/\/szkolenia-udt.pl\/wp-content\/uploads\/2023\/05\/screen_2x-2023-05-15T152632.404-18x12.jpg 18w, https:\/\/szkolenia-udt.pl\/wp-content\/uploads\/2023\/05\/screen_2x-2023-05-15T152632.404.jpg 1600w\" sizes=\"auto, (max-width: 512px) 100vw, 512px\" \/><\/a><\/figure>\n<\/div>\n\n\n<p>Denne forordningen fra Europaparlamentet og R\u00e5det for Den europeiske union av 27. april 2016 tr\u00e5dte i kraft i sin helhet den 25. mai 2018.  Form\u00e5let med forordningen er fri utveksling av personopplysninger i EU, bedre kontroll med slike opplysninger og harmonisering av lovgivningen og tilpasning av reglene slik at de er tilpasset de ulike teknologiske truslene i det 21. \u00e5rhundret.&nbsp;&nbsp;<\/p>\n\n\n\n<h2 class=\"wp-block-heading\">Hvem er omfattet av RODO?&nbsp;&nbsp;<\/h2>\n\n\n\n<p>Forordningen henviser til:&nbsp;&nbsp;<\/p>\n\n\n\n<ul class=\"wp-block-list\">\n<li>Enhver entrepren\u00f8r eller bedrift som tilbyr sine tjenester eller produkter til (privatpersoner) i EU.&nbsp;<\/li>\n\n\n\n<li>Ethvert selskap som er basert utenfor EU, men som leverer tjenester til mennesker som bor der. Dette gjelder ikke bare store, globale selskaper, men ogs\u00e5 sm\u00e5, lokale selskaper, for eksempel de som tilbyr internettjenester.&nbsp;&nbsp;<\/li>\n<\/ul>\n\n\n\n<p>RODO gjelder ikke:&nbsp;<\/p>\n\n\n\n<ul class=\"wp-block-list\">\n<li>juridiske personer,&nbsp;<\/li>\n\n\n\n<li>avd\u00f8de personer.&nbsp;<\/li>\n<\/ul>\n\n\n\n<p><strong>Personopplysninger - hva er egentlig det? Viktige endringer etter at personvernforordningen tr\u00e5dte i kraft&nbsp;<\/strong>&nbsp;<\/p>\n\n\n\n<p>Personopplysninger er all informasjon som gj\u00f8r at vi kan identifisere en levende person. De inkluderer:&nbsp;<\/p>\n\n\n\n<ul class=\"wp-block-list\">\n<li>Navn;&nbsp;<\/li>\n\n\n\n<li>Bostedsadresse;&nbsp;<\/li>\n\n\n\n<li>Identitetskortnummer;&nbsp;<\/li>\n\n\n\n<li>E-postadresse der for- og etternavn vises;&nbsp;&nbsp;<\/li>\n\n\n\n<li>Personopplysninger som oppbevares av helsetjenesten (lege eller sykehus);&nbsp;<\/li>\n<\/ul>\n\n\n\n<p>Og ogs\u00e5..:&nbsp;<\/p>\n\n\n\n<ul class=\"wp-block-list\">\n<li>IP-adresse;&nbsp;<\/li>\n\n\n\n<li>N\u00f8yaktige data om hvor vi befinner oss (f.eks. angitt p\u00e5 telefonen);&nbsp;<\/li>\n<\/ul>\n\n\n\n<p>Det er heller ikke mulig \u00e5 behandle de aktuelle opplysningene:&nbsp;<\/p>\n\n\n\n<ul class=\"wp-block-list\">\n<li>Inntekter;&nbsp;<\/li>\n\n\n\n<li>Seksuell legning;&nbsp;<\/li>\n\n\n\n<li>Politiske synspunkter;&nbsp;&nbsp;<\/li>\n\n\n\n<li>Fagforeningsmedlemskap;&nbsp;<\/li>\n\n\n\n<li>Filosofisk overbevisning og religi\u00f8s tro;&nbsp;<\/li>\n<\/ul>\n\n\n\n<p>Personopplysninger er derimot ikke det:&nbsp;<\/p>\n\n\n\n<ul class=\"wp-block-list\">\n<li>KRS-nummer;&nbsp;<\/li>\n\n\n\n<li>Anonyme data;&nbsp;<\/li>\n\n\n\n<li>En e-postadresse der navnet v\u00e5rt ikke vises, f.eks. rejestracja@firma.com.&nbsp;<\/li>\n<\/ul>\n\n\n\n<p>N\u00e5r personopplysninger behandles, sendes de til ulike organisasjoner eller selskaper. De viktigste enhetene som behandler personopplysninger, er&nbsp;<\/p>\n\n\n\n<ol class=\"wp-block-list\" start=\"1\">\n<li><strong>Behandlingsansvarlig<\/strong> - bestemmer hvordan den behandler personopplysninger og til hvilket form\u00e5l.&nbsp;<\/li>\n<\/ol>\n\n\n\n<ol class=\"wp-block-list\" start=\"2\">\n<li><strong>Prosessor <\/strong>- behandler personopplysninger p\u00e5 vegne av den behandlingsansvarlige. Ansvaret m\u00e5 v\u00e6re nedfelt i en avtale eller annen rettsakt. Oppgavene omfatter for eksempel levering av ulike IT-l\u00f8sninger.&nbsp;&nbsp;<\/li>\n<\/ol>\n\n\n<div class=\"wp-block-image\">\n<figure class=\"alignright size-large is-resized\"><a href=\"https:\/\/szkolenia-udt.pl\/wp-content\/uploads\/2023\/05\/screen_2x-2023-05-16T133304.332.jpg\"><img loading=\"lazy\" decoding=\"async\" src=\"https:\/\/szkolenia-udt.pl\/wp-content\/uploads\/2023\/05\/screen_2x-2023-05-16T133304.332-1024x683.jpg\" alt=\"identitetskort med personlige opplysninger\" class=\"wp-image-5112\" width=\"512\" height=\"342\" srcset=\"https:\/\/szkolenia-udt.pl\/wp-content\/uploads\/2023\/05\/screen_2x-2023-05-16T133304.332-1024x683.jpg 1024w, https:\/\/szkolenia-udt.pl\/wp-content\/uploads\/2023\/05\/screen_2x-2023-05-16T133304.332-300x200.jpg 300w, https:\/\/szkolenia-udt.pl\/wp-content\/uploads\/2023\/05\/screen_2x-2023-05-16T133304.332-768x512.jpg 768w, https:\/\/szkolenia-udt.pl\/wp-content\/uploads\/2023\/05\/screen_2x-2023-05-16T133304.332-1536x1024.jpg 1536w, https:\/\/szkolenia-udt.pl\/wp-content\/uploads\/2023\/05\/screen_2x-2023-05-16T133304.332-18x12.jpg 18w, https:\/\/szkolenia-udt.pl\/wp-content\/uploads\/2023\/05\/screen_2x-2023-05-16T133304.332.jpg 1600w\" sizes=\"auto, (max-width: 512px) 100vw, 512px\" \/><\/a><\/figure>\n<\/div>\n\n\n<p>Behandlingen av personopplysninger i selskapet overv\u00e5kes av selskapets utnevnte personvernombud (DPO). Han eller hun informerer ogs\u00e5 de ansatte om deres forpliktelser og gir dem r\u00e5d om behandling av personopplysninger.&nbsp;<\/p>\n\n\n\n<p>EU-forordningen har innf\u00f8rt en rekke endringer n\u00e5r det gjelder personopplysninger, blant annet lagring, administrasjon, overf\u00f8ring og sletting. Den har ogs\u00e5 regulert administrative b\u00f8ter i tilfelle manglende overholdelse (som kan komme opp i 20 millioner euro eller 4% av entrepren\u00f8rens totale \u00e5rlige omsetning). Endringene som tr\u00e5dte i kraft med RODO-forordningen, gjelder&nbsp;<\/p>\n\n\n\n<ul class=\"wp-block-list\">\n<li>Utvidelse av forordningen til \u00e5 omfatte virksomheter utenfor EU.&nbsp;<\/li>\n\n\n\n<li>Utvide definisjonen av begrepet personopplysninger til \u00e5 omfatte biometriske\/genetiske data og data om helsen v\u00e5r.&nbsp;<\/li>\n\n\n\n<li>Direkte ansvar for behandling av personopplysninger (risikoen for \u00f8konomiske sanksjoner er inkludert) og innhenting av samtykke til \u00e5 behandle slike opplysninger.&nbsp;<\/li>\n\n\n\n<li>Plikt til \u00e5 varsle om brudd.&nbsp;<\/li>\n\n\n\n<li>Utnevnelse av personvernombud.&nbsp;<\/li>\n\n\n\n<li>Tilrettelegging for internasjonal overf\u00f8ring av personopplysninger.&nbsp;<\/li>\n\n\n\n<li>Utvidelse av borgernes rettigheter: rett til innsyn, komplettering og retting av opplysninger og rett til \u00e5 be om dataportabilitet. Borgerne har ogs\u00e5 rett til \u00e5 \"bli glemt\" (knyttet til sletting av personopplysninger).&nbsp;&nbsp;<\/li>\n<\/ul>\n\n\n\n<p>RODO-regelverket er basert p\u00e5 flere prinsipper, som er utgangspunktet for lovgivningen:&nbsp;<\/p>\n\n\n\n<ol class=\"wp-block-list\" start=\"1\">\n<li>P\u00e5litelighet og \u00e5penhet;&nbsp;<\/li>\n<\/ol>\n\n\n\n<ol class=\"wp-block-list\" start=\"2\">\n<li>Korrekthet;&nbsp;<\/li>\n<\/ol>\n\n\n\n<ol class=\"wp-block-list\" start=\"3\">\n<li>Konfidensialitet;&nbsp;<\/li>\n<\/ol>\n\n\n\n<ol class=\"wp-block-list\" start=\"4\">\n<li>Overholdelse av lover og regler.&nbsp;<\/li>\n<\/ol>\n\n\n\n<h2 class=\"wp-block-heading\">RODO-oppl\u00e6ring&nbsp;<\/h2>\n\n\n\n<p>All informasjon om EU-forordningen, som i Polen er kjent som RODO, er ekstremt viktig for alle bedrifter. Temaet er ganske omfattende og krever at man bruker tid p\u00e5 \u00e5 sette seg inn i det. Derfor er det mange selskaper som spesialiserer seg p\u00e5 \u00e5 organisere RODO-kurs, som melder seg p\u00e5.&nbsp;&nbsp;<\/p>\n\n\n\n<p>Kurs i personvern i tr\u00e5d med EU-forordningen er prim\u00e6rt rettet mot behandlingsansvarlige og deres ansatte.  I l\u00f8pet av kursene l\u00e6rer deltakerne om:&nbsp;<\/p>\n\n\n\n<ul class=\"wp-block-list\">\n<li>Rettslig grunnlag for behandling av personopplysninger;&nbsp;<\/li>\n\n\n\n<li>Definisjoner av databeskyttelse;&nbsp;<\/li>\n\n\n\n<li>Behandling av personopplysninger (hvordan de skal behandles i samsvar med kravene i RODO og arbeidsloven);&nbsp;<\/li>\n\n\n\n<li>Begrepene; behandlingsansvarlig, databehandler, personvernombud og oppgavene som h\u00f8rer til disse;&nbsp;<\/li>\n\n\n\n<li>temaet organisasjonsstruktur;&nbsp;<\/li>\n\n\n\n<li>Administrative sanksjoner og st\u00f8rrelsen p\u00e5 disse;&nbsp;<\/li>\n\n\n\n<li>Register over behandling av personopplysninger og hva som er vilk\u00e5rene for samtykke til behandling av personopplysninger. Deltakeren l\u00e6rer hva dette registeret er;&nbsp;&nbsp;<\/li>\n\n\n\n<li>Hvilke databeskyttelsestiltak er i samsvar med RODO;&nbsp;<\/li>\n\n\n\n<li>Rettighetene til personer hvis personopplysninger behandles.&nbsp;<\/li>\n<\/ul>\n\n\n<div class=\"wp-block-image\">\n<figure class=\"alignright size-large is-resized\"><a href=\"https:\/\/szkolenia-udt.pl\/wp-content\/uploads\/2023\/05\/screen_2x-2023-05-16T133421.938.jpg\"><img loading=\"lazy\" decoding=\"async\" src=\"https:\/\/szkolenia-udt.pl\/wp-content\/uploads\/2023\/05\/screen_2x-2023-05-16T133421.938-1024x683.jpg\" alt=\"Oppl\u00e6ring i personvern\" class=\"wp-image-5113\" width=\"512\" height=\"342\" srcset=\"https:\/\/szkolenia-udt.pl\/wp-content\/uploads\/2023\/05\/screen_2x-2023-05-16T133421.938-1024x683.jpg 1024w, https:\/\/szkolenia-udt.pl\/wp-content\/uploads\/2023\/05\/screen_2x-2023-05-16T133421.938-300x200.jpg 300w, https:\/\/szkolenia-udt.pl\/wp-content\/uploads\/2023\/05\/screen_2x-2023-05-16T133421.938-768x512.jpg 768w, https:\/\/szkolenia-udt.pl\/wp-content\/uploads\/2023\/05\/screen_2x-2023-05-16T133421.938-1536x1024.jpg 1536w, https:\/\/szkolenia-udt.pl\/wp-content\/uploads\/2023\/05\/screen_2x-2023-05-16T133421.938-18x12.jpg 18w, https:\/\/szkolenia-udt.pl\/wp-content\/uploads\/2023\/05\/screen_2x-2023-05-16T133421.938.jpg 1600w\" sizes=\"auto, (max-width: 512px) 100vw, 512px\" \/><\/a><\/figure>\n<\/div>\n\n\n<p>Kursene er ofte b\u00e5de teoretiske og praktiske.  Det l\u00f8nner seg for alle bedrifter \u00e5 gjennomf\u00f8re en slik oppl\u00e6ring minst \u00e9n gang, slik at de ansatte blir kjent med praktiske kunnskaper og ferdigheter. Deltakerne kan motta oppl\u00e6ringsmateriell og et RODO-sertifikat.&nbsp;<\/p>\n\n\n\n<p>CSO - <a href=\"https:\/\/szkolenia-udt.pl\/nb\/o-firmie\/\">Oppl\u00e6ringssenter for operat\u00f8rer<\/a> tilbyr kurs p\u00e5 h\u00f8yt niv\u00e5 om emner knyttet til databeskyttelse. Her l\u00e6rer du alt du trenger \u00e5 vite om RODO. Vi har erfarne instrukt\u00f8rer, og undervisningsmetodene v\u00e5re er toppmoderne og gj\u00f8r at vi kan overf\u00f8re kunnskap p\u00e5 en effektiv m\u00e5te. Senteret v\u00e5rt ligger i Warszawa, men vi opererer over hele landet. Ta gjerne kontakt med oss.&nbsp;<\/p>","protected":false},"excerpt":{"rendered":"<p>Regulacje prawne RODO to odpowiednik angielskiego GDPR (General Data Protection Regulation) \u2013 jest to unijne rozporz\u0105dzenie, kt\u00f3re zawiera przepisy dotycz\u0105ce ochrony os\u00f3b fizycznych w zwi\u0105zku z przetwarzaniem danych osobowych, a tak\u017ce regulacje prawne o swobodnym przep\u0142ywie danych osobowych. W Polsce wyst\u0119puje nazwa RODO oznaczaj\u0105ca Rozporz\u0105dzenie o Ochronie Danych Osobowych.&nbsp;&nbsp; To Rozporz\u0105dzenie Parlamentu Europejskiego i Rady [&hellip;]<\/p>\n","protected":false},"author":10,"featured_media":5113,"comment_status":"closed","ping_status":"closed","sticky":false,"template":"","format":"standard","meta":{"footnotes":""},"categories":[1],"tags":[],"class_list":["post-5109","post","type-post","status-publish","format-standard","has-post-thumbnail","hentry","category-bez-kategorii"],"aioseo_notices":[],"_links":{"self":[{"href":"https:\/\/szkolenia-udt.pl\/nb\/wp-json\/wp\/v2\/posts\/5109","targetHints":{"allow":["GET"]}}],"collection":[{"href":"https:\/\/szkolenia-udt.pl\/nb\/wp-json\/wp\/v2\/posts"}],"about":[{"href":"https:\/\/szkolenia-udt.pl\/nb\/wp-json\/wp\/v2\/types\/post"}],"author":[{"embeddable":true,"href":"https:\/\/szkolenia-udt.pl\/nb\/wp-json\/wp\/v2\/users\/10"}],"replies":[{"embeddable":true,"href":"https:\/\/szkolenia-udt.pl\/nb\/wp-json\/wp\/v2\/comments?post=5109"}],"version-history":[{"count":3,"href":"https:\/\/szkolenia-udt.pl\/nb\/wp-json\/wp\/v2\/posts\/5109\/revisions"}],"predecessor-version":[{"id":5274,"href":"https:\/\/szkolenia-udt.pl\/nb\/wp-json\/wp\/v2\/posts\/5109\/revisions\/5274"}],"wp:featuredmedia":[{"embeddable":true,"href":"https:\/\/szkolenia-udt.pl\/nb\/wp-json\/wp\/v2\/media\/5113"}],"wp:attachment":[{"href":"https:\/\/szkolenia-udt.pl\/nb\/wp-json\/wp\/v2\/media?parent=5109"}],"wp:term":[{"taxonomy":"category","embeddable":true,"href":"https:\/\/szkolenia-udt.pl\/nb\/wp-json\/wp\/v2\/categories?post=5109"},{"taxonomy":"post_tag","embeddable":true,"href":"https:\/\/szkolenia-udt.pl\/nb\/wp-json\/wp\/v2\/tags?post=5109"}],"curies":[{"name":"wp","href":"https:\/\/api.w.org\/{rel}","templated":true}]}}