{"id":3157,"date":"2022-08-19T11:21:36","date_gmt":"2022-08-19T09:21:36","guid":{"rendered":"https:\/\/szkolenia-udt.pl\/?p=3157"},"modified":"2022-08-22T22:41:54","modified_gmt":"2022-08-22T20:41:54","slug":"skydd-av-personuppgifter","status":"publish","type":"post","link":"https:\/\/szkolenia-udt.pl\/sv\/publikacje\/ochrona-danych-osobowych\/","title":{"rendered":"Uppgiftsskydd"},"content":{"rendered":"<p>RODO - denna term l\u00f6per genom m\u00e5nga omr\u00e5den i livet . Ofta \u00e4r vi dock inte medvetna om de risker som l\u00e4ckage av v\u00e5ra personuppgifter medf\u00f6r. Det \u00e4r viktigt att vara medveten om vad som beh\u00f6ver g\u00f6ras i ett s\u00e5dant fall. Det kan vara farligt b\u00e5de f\u00f6r oss sj\u00e4lva och f\u00f6r det f\u00f6retag vi arbetar f\u00f6r. Det \u00e4r v\u00e4rt att g\u00e5 en kurs i dataskydd, men du kanske undrar om det \u00e4r obligatoriskt. I den h\u00e4r artikeln kommer vi att ta upp de juridiska fr\u00e5gorna och ge den viktigaste informationen i \u00e4mnet.<\/p>\n<h2>Vad omfattar RODO?<\/h2>\n<p><a href=\"https:\/\/szkolenia-udt.pl\/wp-content\/uploads\/2022\/08\/1-2.webp\"><img loading=\"lazy\" decoding=\"async\" class=\"aligncenter wp-image-3158 size-large\" src=\"https:\/\/szkolenia-udt.pl\/wp-content\/uploads\/2022\/08\/1-2-1024x561.webp\" alt=\"RODO-utbildning f\u00f6r anst\u00e4llda\" width=\"750\" height=\"411\" srcset=\"https:\/\/szkolenia-udt.pl\/wp-content\/uploads\/2022\/08\/1-2-1024x561.webp 1024w, https:\/\/szkolenia-udt.pl\/wp-content\/uploads\/2022\/08\/1-2-300x164.webp 300w, https:\/\/szkolenia-udt.pl\/wp-content\/uploads\/2022\/08\/1-2-768x421.webp 768w, https:\/\/szkolenia-udt.pl\/wp-content\/uploads\/2022\/08\/1-2-1536x842.webp 1536w, https:\/\/szkolenia-udt.pl\/wp-content\/uploads\/2022\/08\/1-2-18x10.webp 18w, https:\/\/szkolenia-udt.pl\/wp-content\/uploads\/2022\/08\/1-2.webp 1600w\" sizes=\"auto, (max-width: 750px) 100vw, 750px\" \/><\/a><\/p>\n<p>Vi kommer i kontakt med behandling av personuppgifter i m\u00e5nga fall n\u00e4r vi \u00e4r ute i arbetslivet. Det \u00e4r viktigt att f\u00f6rst fundera \u00f6ver vad vi kan betrakta som en personuppgift. Det \u00e4r n\u00e4mligen information genom vilken vi kan ta reda p\u00e5 n\u00e5got om en viss person. Ibland r\u00e4cker det med en enda uppgift f\u00f6r att vi ska kunna k\u00e4nna igen n\u00e5gon, t.ex. en viss yrkestitel. Ibland beh\u00f6ver vi dock mer information. Det handlar om allm\u00e4nna uppgifter som f\u00f6r- och efternamn, men det finns ocks\u00e5 k\u00e4nsliga uppgifter som religion eller sexuell l\u00e4ggning. P\u00e5 arbetsplatsen kan vi behandla personuppgifter p\u00e5 olika s\u00e4tt. F\u00f6r det f\u00f6rsta finns de med p\u00e5 olika dokument som skickas till kunder, t.ex. avtal, reklamationer. Vi har dem ocks\u00e5 synliga p\u00e5 namngivna fakturor. De kan till och med behandlas i sm\u00e5 m\u00e4ngder, men den anst\u00e4llde ska \u00e4nd\u00e5 vara medveten om vad det handlar om.<\/p>\n<h2>Obligatorisk utbildning?<\/h2>\n<p>Det finns ingen uttrycklig information i RODO, dataskyddsf\u00f6rordningen, om skyldigheten att utbilda anst\u00e4llda i detta avseende. Det finns dock vissa h\u00e4nvisningar till detta, t.ex. i artikel 39 d\u00e4r dataskyddsombudets uppgifter anges. I punkt 1b i denna artikel anges att en s\u00e5dan inspekt\u00f6r ska \u00f6vervaka efterlevnaden av RODO och annan EU-lagstiftning. Med detta avses bl.a. aktiviteter som \u00f6kar medvetenheten samt utbildning av anst\u00e4llda vars uppgifter behandlas. Det b\u00f6r noteras att inte alla f\u00f6retag \u00e4r skyldiga att utse ett dataskyddsombud. Utbildningsskyldigheten g\u00e4ller dock \u00e4ven f\u00f6r s\u00e5dana f\u00f6retag. N\u00e4r det inte finns n\u00e5gon utsedd befattning f\u00f6r en inspekt\u00f6r, fullg\u00f6rs hans\/hennes uppgifter av den personuppgiftsansvarige - detta kan vara f\u00f6retagets \u00e4gare. Han eller hon \u00e4r skyldig att genomf\u00f6ra l\u00e4mpliga tekniska och organisatoriska \u00e5tg\u00e4rder f\u00f6r att agera i enlighet med RODO. En s\u00e5dan \u00e5tg\u00e4rd b\u00f6r vara utbildning, s\u00e5 detta kan betraktas som en skyldighet.<\/p>\n<h2>Vem \u00e4r kursen till f\u00f6r?<\/h2>\n<p>L\u00e5t oss b\u00f6rja med vem som b\u00f6r tillhandah\u00e5lla utbildning i dataskydd i allm\u00e4nhet. I allm\u00e4nhet finns det inga tydliga riktlinjer i detta \u00e4mne. I ett f\u00f6retag kan det finnas ett dataskyddsombud som ansvarar f\u00f6r detta, eller om det inte finns n\u00e5gon s\u00e5dan person finns det flera alternativ. F\u00f6r sm\u00e5 f\u00f6retag \u00e4r det b\u00e4sta alternativet att detta g\u00f6rs av \u00e4garen, som har tillr\u00e4cklig kunskap i \u00e4mnet. Utbildningen kan ocks\u00e5 genomf\u00f6ras av en anst\u00e4lld med l\u00e4mplig kompetens. Det sista alternativet \u00e4r en kurs som drivs av ett externt f\u00f6retag och det \u00e4r den b\u00e4sta l\u00f6sningen eftersom vi d\u00e5 har att g\u00f6ra med specialister inom omr\u00e5det. Utbildningen b\u00f6r vara anpassad till f\u00f6retagets karakt\u00e4r och hur mycket data som behandlas. Om f\u00f6retaget har separata avdelningar, t.ex. personalavdelning eller PR-avdelning, \u00e4r det v\u00e4rt att \u00f6verv\u00e4ga att h\u00e5lla en kurs f\u00f6r varje avdelning separat. I s\u00e5 fall kan \u00e4mnena b\u00e4ttre anpassas till den befattning de arbetar inom.<\/p>\n<p><a href=\"https:\/\/szkolenia-udt.pl\/wp-content\/uploads\/2022\/08\/2-6.jpeg\"><img loading=\"lazy\" decoding=\"async\" class=\"aligncenter wp-image-3159 size-large\" src=\"https:\/\/szkolenia-udt.pl\/wp-content\/uploads\/2022\/08\/2-6-1024x680.jpeg\" alt=\"dataskydd p\u00e5 arbetsplatsen\" width=\"750\" height=\"498\" srcset=\"https:\/\/szkolenia-udt.pl\/wp-content\/uploads\/2022\/08\/2-6-1024x680.jpeg 1024w, https:\/\/szkolenia-udt.pl\/wp-content\/uploads\/2022\/08\/2-6-300x199.jpeg 300w, https:\/\/szkolenia-udt.pl\/wp-content\/uploads\/2022\/08\/2-6-768x510.jpeg 768w, https:\/\/szkolenia-udt.pl\/wp-content\/uploads\/2022\/08\/2-6-1536x1020.jpeg 1536w, https:\/\/szkolenia-udt.pl\/wp-content\/uploads\/2022\/08\/2-6-18x12.jpeg 18w, https:\/\/szkolenia-udt.pl\/wp-content\/uploads\/2022\/08\/2-6.jpeg 1600w\" sizes=\"auto, (max-width: 750px) 100vw, 750px\" \/><\/a><\/p>\n<h2>N\u00e4r ska man g\u00f6ra det?<\/h2>\n<p>Vi kan ge \u00e5tminstone n\u00e5gra exempel p\u00e5 situationer d\u00e4r kursen b\u00f6r genomf\u00f6ras. I f\u00f6rsta hand b\u00f6r den \u00e4ga rum innan den anst\u00e4llde b\u00f6rjar arbeta. Den personuppgiftsansvarige (ADB) \u00e4r d\u00e5 skyldig att ge honom\/henne tillst\u00e5nd att arbeta med uppgifterna. Innan ett s\u00e5dant tillst\u00e5nd utf\u00e4rdas m\u00e5ste ADB tillhandah\u00e5lla eller h\u00e4nvisa till utbildning. Ett annat fall \u00e4r n\u00e4r det finns en m\u00f6jlig f\u00f6r\u00e4ndring i de best\u00e4mmelser som styr dataskydd, liksom de som styr den bransch d\u00e4r vi arbetar. N\u00e4r det sker en f\u00f6r\u00e4ndring av organisationsstrukturen eller en f\u00f6r\u00e4ndring av reglerna inom f\u00f6retaget m\u00e5ste utbildning ocks\u00e5 genomf\u00f6ras. Ansvarsf\u00f6rh\u00e5llandena kan f\u00f6r\u00e4ndras i de aktuella befattningarna, liksom dokumentfl\u00f6det. Och ett f\u00f6retags s\u00e4kerhetspolicy kan \u00e4ndras av olika sk\u00e4l. Den sista viktiga aspekten f\u00f6r att genomf\u00f6ra en kurs \u00e4r en incident som har intr\u00e4ffat genom att personuppgifter har l\u00e4ckt ut p\u00e5 arbetsplatsen. Medarbetarna ska d\u00e5 g\u00f6ras medvetna om varf\u00f6r det h\u00e4nde och konsekvenserna av s\u00e5dana handlingar ska synligg\u00f6ras.<\/p>\n<h2>Missk\u00f6tsamhet bland anst\u00e4llda<\/h2>\n<p>89% s\u00e4kerhets\u00f6vertr\u00e4delser orsakas av anst\u00e4llda - enligt Information Security Report 2019. I vilka situationer kan datal\u00e4ckage uppst\u00e5? Du b\u00f6r vara p\u00e5 din vakt n\u00e4r det g\u00e4ller att ta med dig kontorsutrustning utanf\u00f6r arbetsplatsen. Det \u00e4r lika farligt att l\u00e4mna dokument utan uppsikt. N\u00e4r anst\u00e4llda inte anv\u00e4nder en dokumentf\u00f6rst\u00f6rare utan sl\u00e4nger ark med konfidentiella uppgifter i papperskorgen uts\u00e4tter de ocks\u00e5 entrepren\u00f6rer f\u00f6r datal\u00e4ckage. Andra situationer som r\u00f6r f\u00f6retagets enheter och som \u00e4r farliga f\u00f6r f\u00f6retaget \u00e4r att de l\u00e4mnas p\u00e5 allm\u00e4nna platser, inte skyddas med t.ex. ett l\u00f6senord, inte s\u00e4kerhetskopieras eller att man kommer \u00e5t privat e-post p\u00e5 s\u00e5dan utrustning. Om en anst\u00e4lld \u00f6ppnar f\u00f6retagets e-postl\u00e5da p\u00e5 sin hemdator uts\u00e4tter vi oss ocks\u00e5 f\u00f6r fara. Ett vanligt misstag \u00e4r att f\u00f6rv\u00e4xla en e-postadress, vilket ocks\u00e5 orsakar ett intr\u00e5ng. Det finns allts\u00e5 m\u00e5nga s\u00e5dana situationer, och p\u00e5 ytan f\u00f6reb\u00e5dar de inte n\u00e5got ont. Om n\u00e5got av dessa intr\u00e4ffar i ditt f\u00f6retag inneb\u00e4r det att utbildning i dataskydd \u00e4r ett m\u00e5ste.<\/p>\n<h2>Konsekvenser av datal\u00e4ckage<\/h2>\n<p>N\u00e4r ett f\u00f6retags datal\u00e4ckage v\u00e4l har intr\u00e4ffat kan en inspektion fr\u00e5n Datainspektionen s\u00e4kert f\u00f6rv\u00e4ntas. En s\u00e5dan myndighet kan \u00e5l\u00e4gga arbetsgivaren en sanktion i form av b\u00f6ter. Om ett s\u00e5dant fall kommer upp i ljuset kan dessutom de drabbade personerna kr\u00e4va ers\u00e4ttning. Beroende p\u00e5 antalet personer kan utbetalningen av ers\u00e4ttningen leda till att f\u00f6retaget drabbas av ekonomiska f\u00f6rluster, vilket kan leda till massupps\u00e4gningar. Det \u00e4r d\u00e4rf\u00f6r inte v\u00e4rt risken.<\/p>\n<p>Om det finns behov av att utbilda medarbetare hos ett externt f\u00f6retag, <a href=\"https:\/\/szkolenia-udt.pl\/sv\/o-firmie\/\">OSO Operat\u00f6rsutbildningscenter<\/a> erbjuder en kurs i dataskydd. V\u00e5rt s\u00e4tt att undervisa \u00e4r verkligen effektivt. F\u00f6r mer information \u00e4r du v\u00e4lkommen att kontakta oss per telefon eller via kontaktformul\u00e4ret. S\u00e4kerheten f\u00f6r ditt f\u00f6retag \u00e4r viktig, s\u00e5 vi uppmuntrar dig att delta i denna utbildning!<\/p>","protected":false},"excerpt":{"rendered":"<p>RODO &#8211; to poj\u0119cie przewija si\u0119 w wielu dziedzinach \u017cycia . Cz\u0119sto jednak nie zdajemy sobie sprawy z zagro\u017cenia, jakie za sob\u0105 niesie wyciek naszych danych osobowych. Nale\u017cy mie\u0107 \u015bwiadomo\u015b\u0107 tego, co trzeba zrobi\u0107 w takim przypadku. Mo\u017ce to by\u0107 niebezpieczne zar\u00f3wno dla nas samych, jak i dla firmy, dla kt\u00f3rej pracujemy. Warto odby\u0107 kurs [&hellip;]<\/p>\n","protected":false},"author":10,"featured_media":3159,"comment_status":"closed","ping_status":"closed","sticky":false,"template":"","format":"standard","meta":{"footnotes":""},"categories":[153],"tags":[],"class_list":["post-3157","post","type-post","status-publish","format-standard","has-post-thumbnail","hentry","category-publikacjee"],"aioseo_notices":[],"_links":{"self":[{"href":"https:\/\/szkolenia-udt.pl\/sv\/wp-json\/wp\/v2\/posts\/3157","targetHints":{"allow":["GET"]}}],"collection":[{"href":"https:\/\/szkolenia-udt.pl\/sv\/wp-json\/wp\/v2\/posts"}],"about":[{"href":"https:\/\/szkolenia-udt.pl\/sv\/wp-json\/wp\/v2\/types\/post"}],"author":[{"embeddable":true,"href":"https:\/\/szkolenia-udt.pl\/sv\/wp-json\/wp\/v2\/users\/10"}],"replies":[{"embeddable":true,"href":"https:\/\/szkolenia-udt.pl\/sv\/wp-json\/wp\/v2\/comments?post=3157"}],"version-history":[{"count":2,"href":"https:\/\/szkolenia-udt.pl\/sv\/wp-json\/wp\/v2\/posts\/3157\/revisions"}],"predecessor-version":[{"id":3167,"href":"https:\/\/szkolenia-udt.pl\/sv\/wp-json\/wp\/v2\/posts\/3157\/revisions\/3167"}],"wp:featuredmedia":[{"embeddable":true,"href":"https:\/\/szkolenia-udt.pl\/sv\/wp-json\/wp\/v2\/media\/3159"}],"wp:attachment":[{"href":"https:\/\/szkolenia-udt.pl\/sv\/wp-json\/wp\/v2\/media?parent=3157"}],"wp:term":[{"taxonomy":"category","embeddable":true,"href":"https:\/\/szkolenia-udt.pl\/sv\/wp-json\/wp\/v2\/categories?post=3157"},{"taxonomy":"post_tag","embeddable":true,"href":"https:\/\/szkolenia-udt.pl\/sv\/wp-json\/wp\/v2\/tags?post=3157"}],"curies":[{"name":"wp","href":"https:\/\/api.w.org\/{rel}","templated":true}]}}