{"id":3272,"date":"2022-09-05T13:14:59","date_gmt":"2022-09-05T11:14:59","guid":{"rendered":"https:\/\/szkolenia-udt.pl\/?p=3272"},"modified":"2023-05-04T19:33:16","modified_gmt":"2023-05-04T17:33:16","slug":"forsta-hjalpen","status":"publish","type":"post","link":"https:\/\/szkolenia-udt.pl\/sv\/publikacje\/pierwsza-pomoc\/","title":{"rendered":"F\u00f6rsta hj\u00e4lpen i praktiken. Vad beh\u00f6ver du veta?"},"content":{"rendered":"<h2 class=\"wp-block-heading\">Varf\u00f6r \u00e4r detta s\u00e5 viktigt?\u00a0<\/h2>\n\n\n<div class=\"wp-block-image\">\n<figure class=\"alignright size-large is-resized\"><a href=\"https:\/\/szkolenia-udt.pl\/wp-content\/uploads\/2022\/09\/s2-2023-05-04T192751.502.jpg\"><img loading=\"lazy\" decoding=\"async\" src=\"https:\/\/szkolenia-udt.pl\/wp-content\/uploads\/2022\/09\/s2-2023-05-04T192751.502-1024x684.jpg\" alt=\"F\u00f6rsta hj\u00e4lpen-kit\" class=\"wp-image-4824\" width=\"460\" height=\"307\" srcset=\"https:\/\/szkolenia-udt.pl\/wp-content\/uploads\/2022\/09\/s2-2023-05-04T192751.502-1024x684.jpg 1024w, https:\/\/szkolenia-udt.pl\/wp-content\/uploads\/2022\/09\/s2-2023-05-04T192751.502-300x200.jpg 300w, https:\/\/szkolenia-udt.pl\/wp-content\/uploads\/2022\/09\/s2-2023-05-04T192751.502-768x513.jpg 768w, https:\/\/szkolenia-udt.pl\/wp-content\/uploads\/2022\/09\/s2-2023-05-04T192751.502-1536x1025.jpg 1536w, https:\/\/szkolenia-udt.pl\/wp-content\/uploads\/2022\/09\/s2-2023-05-04T192751.502-18x12.jpg 18w, https:\/\/szkolenia-udt.pl\/wp-content\/uploads\/2022\/09\/s2-2023-05-04T192751.502.jpg 1600w\" sizes=\"auto, (max-width: 460px) 100vw, 460px\" \/><\/a><\/figure>\n<\/div>\n\n\n<p>Vi m\u00e5ste komma ih\u00e5g att v\u00e5rt liv \u00e4r v\u00e5r mest v\u00e4rdefulla g\u00e5va. D\u00e4rf\u00f6r \u00e4r det viktigt att skydda sin h\u00e4lsa. Vi st\u00f6ter dagligen p\u00e5 olika situationer, s\u00e5 det \u00e4r v\u00e4rt att l\u00e4ra sig hur man ger f\u00f6rsta hj\u00e4lpen till skadade. Det b\u00f6r beaktas att detta \u00e4r v\u00e5r lagstadgade skyldighet enligt artikel 162 \u00a7 1. i strafflagen. \u00a0<\/p>\n\n\n\n<h2 class=\"wp-block-heading\">Vad best\u00e5r den av?\u00a0\u00a0<\/h2>\n\n\n\n<p>Det \u00e4r en upps\u00e4ttning livr\u00e4ddande aktiviteter som utf\u00f6rs av personer p\u00e5 plats. Det kan utf\u00f6ras av ett kvalificerat team av r\u00e4ddare med l\u00e4mplig medicinsk utrustning p\u00e5 jobbet eller i en annan situation. Assistans ges ocks\u00e5 av l\u00e4kare och sjuksk\u00f6terskor p\u00e5 sjukhus och i ambulanser.\u00a0<\/p>\n\n\n\n<h2 class=\"wp-block-heading\">Kursprogram f\u00f6r f\u00f6rsta hj\u00e4lpen:\u00a0<\/h2>\n\n\n\n<figure class=\"wp-block-table\"><table><tbody><tr><td>Introduktion - grundl\u00e4ggande information;\u00a0<br>Bed\u00f6mning och s\u00e4kring av platsen p\u00e5 ett s\u00e4kert s\u00e4tt;\u00a0<br>F\u00f6rordningar;\u00a0<br>Kedja av \u00f6verlevnad;\u00a0<br>Bed\u00f6mning av medvetandet;\u00a0<br>Fri luftv\u00e4g;\u00a0<br>Kontrollerar vitala funktioner;\u00a0\u00a0<br>Ring efter specialisthj\u00e4lp (+ n\u00f6dnummer);\u00a0\u00a0<br>Traumastudie;\u00a0\u00a0<br>Intervju;\u00a0\u00a0<br>Skador p\u00e5 specifika kroppsdelar;\u00a0\u00a0<\/td><td>N\u00e4sblod;\u00a0\u00a0<br>Hj\u00e4rtinfarkt;\u00a0\u00a0<br>Diabetiska n\u00f6dsituationer;\u00a0\u00a0<br>Br\u00e4nnskador, f\u00f6rfrysning;\u00a0\u00a0<br>S\u00e5rbehandling;\u00a0\u00a0<br>Hj\u00e4rt-lungr\u00e4ddning (HLR);\u00a0\u00a0<br>Anv\u00e4ndning av en automatisk extern defibrillator (AED);\u00a0\u00a0<br>Elektrisk st\u00f6t;\u00a0\u00a0<br>F\u00f6rgiftning;\u00a0\u00a0<br>Kv\u00e4vning;\u00a0\u00a0<br>Epileptiskt anfall;\u00a0\u00a0<br>L\u00e4mplig positionering av den skadade.\u00a0<\/td><\/tr><\/tbody><\/table><\/figure>\n\n\n\n<h2 class=\"wp-block-heading\">Hur ser en r\u00e4ddningskedja ut? \u00a0<\/h2>\n\n\n\n<p>R\u00e4ddningskedjan best\u00e5r av f\u00f6rsta hj\u00e4lpen, som vanligtvis ges av vittnen till h\u00e4ndelsen, och kvalificerad assistans (medicinsk service).&nbsp;<\/p>\n\n\n\n<h3 class=\"wp-block-heading\">Utbildningsprogrammet f\u00f6r f\u00f6rsta hj\u00e4lpen omfattar \u00e4mnen som t.ex:&nbsp;<\/h3>\n\n\n<div class=\"wp-block-image\">\n<figure class=\"alignright size-large is-resized\"><a href=\"https:\/\/szkolenia-udt.pl\/wp-content\/uploads\/2022\/09\/s2-2023-05-04T192858.797.jpg\"><img loading=\"lazy\" decoding=\"async\" src=\"https:\/\/szkolenia-udt.pl\/wp-content\/uploads\/2022\/09\/s2-2023-05-04T192858.797-1024x683.jpg\" alt=\"utbildning i f\u00f6rsta hj\u00e4lpen\" class=\"wp-image-4822\" width=\"512\" height=\"342\" srcset=\"https:\/\/szkolenia-udt.pl\/wp-content\/uploads\/2022\/09\/s2-2023-05-04T192858.797-1024x683.jpg 1024w, https:\/\/szkolenia-udt.pl\/wp-content\/uploads\/2022\/09\/s2-2023-05-04T192858.797-300x200.jpg 300w, https:\/\/szkolenia-udt.pl\/wp-content\/uploads\/2022\/09\/s2-2023-05-04T192858.797-768x512.jpg 768w, https:\/\/szkolenia-udt.pl\/wp-content\/uploads\/2022\/09\/s2-2023-05-04T192858.797-1536x1024.jpg 1536w, https:\/\/szkolenia-udt.pl\/wp-content\/uploads\/2022\/09\/s2-2023-05-04T192858.797-18x12.jpg 18w, https:\/\/szkolenia-udt.pl\/wp-content\/uploads\/2022\/09\/s2-2023-05-04T192858.797.jpg 1600w\" sizes=\"auto, (max-width: 512px) 100vw, 512px\" \/><\/a><\/figure>\n<\/div>\n\n\n<ul class=\"wp-block-list\">\n<li>F\u00f6rebyggande - l\u00e4ra sig teorin, praktisera praktiskt;&nbsp;<\/li>\n\n\n\n<li>Ropa p\u00e5 hj\u00e4lp - identifiera typen av n\u00f6dsituation s\u00e5 tidigt som m\u00f6jligt. Beskriv den skadades tillst\u00e5nd och vad som h\u00e4nder med honom eller henne;&nbsp;<\/li>\n\n\n\n<li>HLR (hj\u00e4rt-lungr\u00e4ddning) - vid pl\u00f6tsligt hj\u00e4rtstillest\u00e5nd, som vanligtvis orsakas av en kammarflimmermekanism;&nbsp;<\/li>\n\n\n\n<li>Defibrillering - Att \u00e5terst\u00e4lla ett normalt hj\u00e4rtslag. ERC (European Resuscitation Council) deltar i ett upps\u00f6kande program d\u00e4r man anv\u00e4nder en AED - en automatiserad extern defibrillator, som finns p\u00e5 s\u00e4rskilda platser som tunnelbanan;&nbsp;<\/li>\n\n\n\n<li>Ambulansteamet anl\u00e4nder:&nbsp;\n<ul class=\"wp-block-list\">\n<li>P - grundl\u00e4ggande,\u00a0<\/li>\n\n\n\n<li>S - specialist med en l\u00e4kare,\u00a0<\/li>\n<\/ul>\n<\/li>\n\n\n\n<li>V\u00e5rd efter \u00e5terupplivning - \u00e5terst\u00e4llande av offret till funktion och normal funktion;&nbsp;<\/li>\n\n\n\n<li>R\u00e4ddningsinsatsen b\u00f6r smidigt \u00f6verg\u00e5 till n\u00e4sta steg.&nbsp;<\/li>\n<\/ul>\n\n\n\n<h2 class=\"wp-block-heading\">Hur hj\u00e4lper man en person som inte andas (pl\u00f6tsligt hj\u00e4rtstillest\u00e5nd)?\u00a0\u00a0<\/h2>\n\n\n\n<p>Beroende p\u00e5 allvarlighetsgraden utf\u00f6r vi endast r\u00e4ddningsandning med skydd av en r\u00e4ddningsmask f\u00f6r ventilation och, om vi vet hur man g\u00f6r det, annars utf\u00f6r vi endast br\u00f6stkompressioner. Om ingen andning sker och ambulans tillkallas forts\u00e4tter vi med br\u00f6stkompressioner p\u00e5 f\u00f6ljande s\u00e4tt:\u00a0<\/p>\n\n\n\n<ol class=\"wp-block-list\" start=\"1\">\n<li>L\u00e4gg den skadade p\u00e5 rygg och ett fast underlag, t.ex. marken; fril\u00e4gg sedan br\u00f6stkorgen genom att lossa p\u00e5 kl\u00e4derna - om du inte kan g\u00f6ra detta, klipp i tyget. \u00a0<\/li>\n\n\n\n<li>Vi kn\u00e4b\u00f6jer vid sidan av liggomr\u00e5det. \u00a0<\/li>\n\n\n\n<li>Mittpunkten i br\u00f6stkorgen hittar vi vid br\u00f6stbenet, i h\u00f6jd med br\u00f6stv\u00e5rtans linje eller diagonalt \u00f6ver nyckelbenens kant.\u00a0\u00a0<\/li>\n\n\n\n<li>Placera handleden p\u00e5 ena handen p\u00e5 br\u00f6stbenet, l\u00e4gg den andra ovanp\u00e5 och l\u00e5s fingrarna i varandra.\u00a0<\/li>\n\n\n\n<li>Luta dig fram\u00e5t med raka armb\u00e5gar. Placera armarna i r\u00e4t vinkel mot den r\u00e4ddade personens br\u00f6stkorg, h\u00e5ll ryggen rak.\u00a0<\/li>\n\n\n\n<li>Komprimera br\u00f6stbenet till ett djup av min. 5 cm, inte djupare \u00e4n 6 cm. Utf\u00f6r 100 - 120 kompressioner per minut och avlasta trycket i samma takt.\u00a0<\/li>\n\n\n\n<li>Efter varje kompression ska buren \u00e5terg\u00e5 till sitt tidigare l\u00e4ge.\u00a0<\/li>\n<\/ol>\n\n\n\n<ol class=\"wp-block-list\" start=\"2\"><\/ol>\n\n\n\n<ol class=\"wp-block-list\" start=\"3\"><\/ol>\n\n\n\n<ol class=\"wp-block-list\" start=\"4\"><\/ol>\n\n\n\n<h2 class=\"wp-block-heading\">I vilka situationer kan br\u00f6stkompressionerna avbrytas?\u00a0<\/h2>\n\n\n<div class=\"wp-block-image\">\n<figure class=\"alignright size-large is-resized\"><a href=\"https:\/\/szkolenia-udt.pl\/wp-content\/uploads\/2022\/09\/screen_2x-2023-05-04T192839.487.jpg\"><img loading=\"lazy\" decoding=\"async\" src=\"https:\/\/szkolenia-udt.pl\/wp-content\/uploads\/2022\/09\/screen_2x-2023-05-04T192839.487-1024x1024.jpg\" alt=\"praktisk utbildning under f\u00f6rsta halv\u00e5ret\" class=\"wp-image-4823\" width=\"512\" height=\"512\" srcset=\"https:\/\/szkolenia-udt.pl\/wp-content\/uploads\/2022\/09\/screen_2x-2023-05-04T192839.487-1024x1024.jpg 1024w, https:\/\/szkolenia-udt.pl\/wp-content\/uploads\/2022\/09\/screen_2x-2023-05-04T192839.487-300x300.jpg 300w, https:\/\/szkolenia-udt.pl\/wp-content\/uploads\/2022\/09\/screen_2x-2023-05-04T192839.487-150x150.jpg 150w, https:\/\/szkolenia-udt.pl\/wp-content\/uploads\/2022\/09\/screen_2x-2023-05-04T192839.487-768x768.jpg 768w, https:\/\/szkolenia-udt.pl\/wp-content\/uploads\/2022\/09\/screen_2x-2023-05-04T192839.487-1536x1536.jpg 1536w, https:\/\/szkolenia-udt.pl\/wp-content\/uploads\/2022\/09\/screen_2x-2023-05-04T192839.487-12x12.jpg 12w, https:\/\/szkolenia-udt.pl\/wp-content\/uploads\/2022\/09\/screen_2x-2023-05-04T192839.487.jpg 1600w\" sizes=\"auto, (max-width: 512px) 100vw, 512px\" \/><\/a><\/figure>\n<\/div>\n\n\n<ul class=\"wp-block-list\">\n<li>Ambulanspersonal anl\u00e4nder;\u00a0<\/li>\n\n\n\n<li>fara;&nbsp;<\/li>\n\n\n\n<li>leverera en automatisk extern defibrillator till platsen och h\u00f6ra kommandot fr\u00e5n maskinen \"r\u00f6r inte den skadade\";&nbsp;<\/li>\n\n\n\n<li>tecken p\u00e5 spontan cirkulation, hosta, sm\u00e4rtreaktion - rensa sedan luftv\u00e4garna och g\u00f6r en ny bed\u00f6mning av andningen;&nbsp;<\/li>\n\n\n\n<li>Fall fr\u00e5n styrka - det \u00e4r tillr\u00e5dligt att hj\u00e4lpa tv\u00e5 eller flera personer h\u00e4r. V\u00e4xla med en annan person i genomsnitt varannan minut. H\u00e5ll kompressionsintervallen s\u00e5 korta som m\u00f6jligt;\u00a0<\/li>\n\n\n\n<li>r\u00e4ddningsandning.&nbsp;&nbsp;<\/li>\n<\/ul>\n\n\n\n<h2 class=\"wp-block-heading\">Hur utf\u00f6r man r\u00e4ddningsandning p\u00e5 r\u00e4tt s\u00e4tt?\u00a0<\/h2>\n\n\n\n<ol class=\"wp-block-list\" start=\"1\">\n<li>Se till att luftv\u00e4garna \u00e4r fria genom att luta hakan och pannan.&nbsp;<\/li>\n\n\n\n<li>Stoppa in n\u00e4san.\u00a0<\/li>\n\n\n\n<li>\u00d6ppna munnen p\u00e5 den person som ligger ner (vid fr\u00e4mmande f\u00f6rem\u00e5l, kassera).\u00a0<\/li>\n\n\n\n<li>H\u00e5ll luftv\u00e4garna \u00f6ppna, f\u00f6r munnen i kontakt med den skadade och bl\u00e5s in luft tv\u00e5 g\u00e5nger.\u00a0<\/li>\n\n\n\n<li>G\u00f6r en inandning i ca 1 sekund och sedan en andra inandning under tiden som du tittar p\u00e5 br\u00f6stkorgens r\u00f6relse. Det ska stiga och sedan falla efter ett \u00f6gonblick.\u00a0<\/li>\n\n\n\n<li>Dessa inbl\u00e5sningar f\u00e5r inte vara l\u00e4ngre \u00e4n 10 sekunder. Kompressionerna b\u00f6r sedan \u00e5terupptas.\u00a0<\/li>\n\n\n\n<li>Om buren inte reser sig efter en stunds andning f\u00f6rs\u00f6ker vi inte igen.\u00a0<\/li>\n\n\n\n<li>Kom ih\u00e5g att mun-till-mun-metoden f\u00f6r f\u00f6rsta hj\u00e4lpen inte \u00e4r obligatorisk. Om vi inte har en speciell mask f\u00f6r att utf\u00f6ra konstgjord ventilation \u00e4r det tillr\u00e4ckligt att koncentrera sig p\u00e5 br\u00f6stkompressioner!\u00a0<\/li>\n<\/ol>\n\n\n\n<ol class=\"wp-block-list\" start=\"2\"><\/ol>\n\n\n\n<ol class=\"wp-block-list\" start=\"3\"><\/ol>\n\n\n\n<ol class=\"wp-block-list\" start=\"4\"><\/ol>\n\n\n\n<p>Det \u00e4r dock viktigt att komma ih\u00e5g att adekvat utbildning i f\u00f6rsta hj\u00e4lpen \u00e4r avg\u00f6rande.&nbsp;<\/p>\n\n\n\n<p>Genom att v\u00e4lja v\u00e5r kurs kommer du att f\u00e5 omfattande kunskaper och relevant certifikat. <a href=\"https:\/\/szkolenia-udt.pl\/sv\/o-firmie\/\">OSO Operat\u00f6rsutbildningscenter<\/a> s\u00e4kerst\u00e4ller h\u00f6gsta kvalitet p\u00e5 tj\u00e4nsterna. Hos oss f\u00e5r du l\u00e4ra dig att r\u00e4dda m\u00e4nniskors liv i den utstr\u00e4ckning som kr\u00e4vs.&nbsp;&nbsp;<\/p>\n\n\n\n<p>Du kommer att f\u00e5 de n\u00f6dv\u00e4ndiga teoretiska kunskaperna, som du kommer att praktisera i praktiken, vilket kommer att leda till st\u00f6rre sj\u00e4lvf\u00f6rtroende.<\/p>","protected":false},"excerpt":{"rendered":"<p>Dlaczego jest to takie wa\u017cne?\u00a0 Musimy pami\u0119ta\u0107, \u017ce nasze \u017cycie to najcenniejszy dar. W zwi\u0105zku z tym ochrona zdrowia to podstawa. Spotykamy r\u00f3\u017cne sytuacje na co dzie\u0144, dlatego warto dowiedzie\u0107 si\u0119 jak poprawnie udziela\u0107 pierwszej pomocy poszkodowanym. Trzeba wzi\u0105\u0107 pod uwag\u0119, \u017ce jest to nasz prawny obowi\u0105zek zgodnie z art. 162 \u00a7 1. Kodeksu karnego. [&hellip;]<\/p>\n","protected":false},"author":10,"featured_media":3274,"comment_status":"closed","ping_status":"closed","sticky":false,"template":"","format":"standard","meta":{"footnotes":""},"categories":[153],"tags":[],"class_list":["post-3272","post","type-post","status-publish","format-standard","has-post-thumbnail","hentry","category-publikacjee"],"aioseo_notices":[],"_links":{"self":[{"href":"https:\/\/szkolenia-udt.pl\/sv\/wp-json\/wp\/v2\/posts\/3272","targetHints":{"allow":["GET"]}}],"collection":[{"href":"https:\/\/szkolenia-udt.pl\/sv\/wp-json\/wp\/v2\/posts"}],"about":[{"href":"https:\/\/szkolenia-udt.pl\/sv\/wp-json\/wp\/v2\/types\/post"}],"author":[{"embeddable":true,"href":"https:\/\/szkolenia-udt.pl\/sv\/wp-json\/wp\/v2\/users\/10"}],"replies":[{"embeddable":true,"href":"https:\/\/szkolenia-udt.pl\/sv\/wp-json\/wp\/v2\/comments?post=3272"}],"version-history":[{"count":2,"href":"https:\/\/szkolenia-udt.pl\/sv\/wp-json\/wp\/v2\/posts\/3272\/revisions"}],"predecessor-version":[{"id":4825,"href":"https:\/\/szkolenia-udt.pl\/sv\/wp-json\/wp\/v2\/posts\/3272\/revisions\/4825"}],"wp:featuredmedia":[{"embeddable":true,"href":"https:\/\/szkolenia-udt.pl\/sv\/wp-json\/wp\/v2\/media\/3274"}],"wp:attachment":[{"href":"https:\/\/szkolenia-udt.pl\/sv\/wp-json\/wp\/v2\/media?parent=3272"}],"wp:term":[{"taxonomy":"category","embeddable":true,"href":"https:\/\/szkolenia-udt.pl\/sv\/wp-json\/wp\/v2\/categories?post=3272"},{"taxonomy":"post_tag","embeddable":true,"href":"https:\/\/szkolenia-udt.pl\/sv\/wp-json\/wp\/v2\/tags?post=3272"}],"curies":[{"name":"wp","href":"https:\/\/api.w.org\/{rel}","templated":true}]}}