{"id":5205,"date":"2023-06-30T11:30:47","date_gmt":"2023-06-30T09:30:47","guid":{"rendered":"https:\/\/szkolenia-udt.pl\/?p=5205"},"modified":"2023-06-30T11:30:48","modified_gmt":"2023-06-30T09:30:48","slug":"regelbunden-utbildning-for-halso-och-sakerhetspersonal-2","status":"publish","type":"post","link":"https:\/\/szkolenia-udt.pl\/sv\/publikacje\/szkolenie-okresowe-dla-sluzby-bhp\/","title":{"rendered":"Periodisk utbildning f\u00f6r f\u00f6retagsh\u00e4lsov\u00e5rden och arbetarskyddstj\u00e4nsten"},"content":{"rendered":"<h2 class=\"wp-block-heading\">Varf\u00f6r \u00e4r det s\u00e5 viktigt med utbildning i h\u00e4lsa och s\u00e4kerhet?<\/h2>\n\n\n\n<p>H\u00e4lso- och s\u00e4kerhetsutbildning \u00e4r obligatorisk utbildning inom alla yrken. Den \u00e4r s\u00e5 viktig eftersom den garanterar arbetstagarnas s\u00e4kerhet och alla arbetsgivare \u00e4r skyldiga att ge sina anst\u00e4llda den.&nbsp;<\/p>\n\n\n<div class=\"wp-block-image\">\n<figure class=\"alignleft size-large is-resized\"><a href=\"https:\/\/szkolenia-udt.pl\/wp-content\/uploads\/2023\/05\/s2-2023-05-16T143328.626-2.jpg\"><img loading=\"lazy\" decoding=\"async\" src=\"https:\/\/szkolenia-udt.pl\/wp-content\/uploads\/2023\/05\/s2-2023-05-16T143328.626-2-1024x684.jpg\" alt=\"Rumstr\u00e4ning\" class=\"wp-image-5206\" width=\"512\" height=\"342\" srcset=\"https:\/\/szkolenia-udt.pl\/wp-content\/uploads\/2023\/05\/s2-2023-05-16T143328.626-2-1024x684.jpg 1024w, https:\/\/szkolenia-udt.pl\/wp-content\/uploads\/2023\/05\/s2-2023-05-16T143328.626-2-300x200.jpg 300w, https:\/\/szkolenia-udt.pl\/wp-content\/uploads\/2023\/05\/s2-2023-05-16T143328.626-2-768x513.jpg 768w, https:\/\/szkolenia-udt.pl\/wp-content\/uploads\/2023\/05\/s2-2023-05-16T143328.626-2-1536x1025.jpg 1536w, https:\/\/szkolenia-udt.pl\/wp-content\/uploads\/2023\/05\/s2-2023-05-16T143328.626-2-18x12.jpg 18w, https:\/\/szkolenia-udt.pl\/wp-content\/uploads\/2023\/05\/s2-2023-05-16T143328.626-2.jpg 1600w\" sizes=\"auto, (max-width: 512px) 100vw, 512px\" \/><\/a><\/figure>\n<\/div>\n\n\n<h2 class=\"wp-block-heading\">Vad \u00e4r h\u00e4lsa och s\u00e4kerhet?&nbsp;<\/h2>\n\n\n\n<p>H\u00e4lsa och s\u00e4kerhet p\u00e5 arbetsplatsen - fullst\u00e4ndigt namn Occupational Health and Safety. F\u00f6retagsh\u00e4lsov\u00e5rden \u00e4r en separat och specialiserad enhet p\u00e5 arbetsplatsen vars syfte \u00e4r att \u00f6vervaka de arbetsuppgifter som utf\u00f6rs och ge arbetsgivaren r\u00e5d i arbetsmilj\u00f6fr\u00e5gor. En annan uppgift \u00e4r att organisera l\u00e4mpliga f\u00f6rebyggande \u00e5tg\u00e4rder f\u00f6r att f\u00f6rhindra arbetsrisker och f\u00f6rb\u00e4ttra h\u00e4lso- och s\u00e4kerhetsf\u00f6rh\u00e5llandena p\u00e5 arbetsplatsen.&nbsp;<\/p>\n\n\n\n<h2 class=\"wp-block-heading\">Skyldighet att ha en s\u00e4kerhets- och h\u00e4lsotj\u00e4nst n\u00e4rvarande&nbsp;<\/h2>\n\n\n\n<p>Antalet personer som arbetar p\u00e5 en arbetsplats p\u00e5verkar behovet av en arbetsmilj\u00f6tj\u00e4nst. Enligt artikel 237<sup>11 <\/sup>Enligt \u00a7 1 i lagen av den 26 juni 1974 (Journal of Laws 1974 nr 24 punkt 141, i dess \u00e4ndrade lydelse) \u00e4r det obligatoriskt att utse en arbetsmilj\u00f6organisation n\u00e4r det finns mer \u00e4n 100 anst\u00e4llda. Om det finns f\u00e4rre \u00e4n 100 \u00e4r det frivilligt, men med specifikt arbete som inneb\u00e4r h\u00e4lso- eller livsrisker \u00e4r det v\u00e4rt att v\u00e4lja.&nbsp;<\/p>\n\n\n\n<h2 class=\"wp-block-heading\">Arbetsgivarautonomi inom arbetsmilj\u00f6omr\u00e5det&nbsp;<\/h2>\n\n\n\n<p>Den 9 november 2018 tr\u00e4dde lagen om \u00e4ndring av vissa lagar f\u00f6r att f\u00f6renkla skatte- och aff\u00e4rsr\u00e4tten f\u00f6r f\u00f6retagare (EUT, punkt 2244) i kraft, vilket har bidragit till att det nu \u00e4r m\u00f6jligt f\u00f6r en arbetsgivare med h\u00f6gst 50 anst\u00e4llda att utf\u00f6ra uppgiften som en arbetsmilj\u00f6- och s\u00e4kerhetstj\u00e4nst p\u00e5 egen hand, f\u00f6rutsatt att den tillh\u00f6r en verksamhetsgrupp f\u00f6r vilken inte h\u00f6gre \u00e4n den tredje riskkategorin har fastst\u00e4llts. Om den \u00e5 andra sidan \u00e4r h\u00f6gre \u00e4n den tredje, \u00e4r det till\u00e5tet att utf\u00f6ra en arbetsmilj\u00f6uppgift f\u00f6r upp till tio anst\u00e4llda. De som v\u00e4ljer att g\u00f6ra detta sj\u00e4lvst\u00e4ndigt b\u00f6r genomg\u00e5 s\u00e4rskild utbildning som \u00e4r avsedd f\u00f6r anst\u00e4llda.&nbsp;<\/p>\n\n\n\n<h2 class=\"wp-block-heading\">Vem b\u00f6r f\u00e5 utbildning i arbetsmilj\u00f6fr\u00e5gor?&nbsp;<\/h2>\n\n\n\n<p>Periodisk arbetsmilj\u00f6utbildning b\u00f6r ges till alla anst\u00e4llda, inklusive medlemmar i f\u00f6retagsh\u00e4lsov\u00e5rds- och s\u00e4kerhetstj\u00e4nsten. S\u00e5dana kurser \u00e4r avsedda att uppdatera tidigare f\u00f6rv\u00e4rvad kunskap och att tillhandah\u00e5lla information som av n\u00e5gon anledning kanske inte har n\u00e5tt deltagaren. F\u00f6r f\u00f6retagsh\u00e4lsov\u00e5rden och arbetarskyddet b\u00f6r utbildningsfrekvensen inte vara mindre \u00e4n fem \u00e5r. Nyanst\u00e4llda \u00e4r \u00e5 andra sidan skyldiga att delta i en ny utbildning senast efter tolv m\u00e5nader.&nbsp;<\/p>\n\n\n\n<h2 class=\"wp-block-heading\">Hur ska en bra fortbildningskurs f\u00f6r f\u00f6retagsh\u00e4lsov\u00e5rden se ut?&nbsp;<\/h2>\n\n\n<div class=\"wp-block-image\">\n<figure class=\"alignright size-large is-resized\"><a href=\"https:\/\/szkolenia-udt.pl\/wp-content\/uploads\/2023\/05\/screen_2x-2023-05-16T143301.651-2.jpg\"><img loading=\"lazy\" decoding=\"async\" src=\"https:\/\/szkolenia-udt.pl\/wp-content\/uploads\/2023\/05\/screen_2x-2023-05-16T143301.651-2-1024x684.jpg\" alt=\"Man med hj\u00e4lm\" class=\"wp-image-5207\" width=\"512\" height=\"342\" srcset=\"https:\/\/szkolenia-udt.pl\/wp-content\/uploads\/2023\/05\/screen_2x-2023-05-16T143301.651-2-1024x684.jpg 1024w, https:\/\/szkolenia-udt.pl\/wp-content\/uploads\/2023\/05\/screen_2x-2023-05-16T143301.651-2-300x200.jpg 300w, https:\/\/szkolenia-udt.pl\/wp-content\/uploads\/2023\/05\/screen_2x-2023-05-16T143301.651-2-768x513.jpg 768w, https:\/\/szkolenia-udt.pl\/wp-content\/uploads\/2023\/05\/screen_2x-2023-05-16T143301.651-2-1536x1025.jpg 1536w, https:\/\/szkolenia-udt.pl\/wp-content\/uploads\/2023\/05\/screen_2x-2023-05-16T143301.651-2-18x12.jpg 18w, https:\/\/szkolenia-udt.pl\/wp-content\/uploads\/2023\/05\/screen_2x-2023-05-16T143301.651-2.jpg 1600w\" sizes=\"auto, (max-width: 512px) 100vw, 512px\" \/><\/a><\/figure>\n<\/div>\n\n\n<p>Utbildning b\u00f6r genomf\u00f6ras p\u00e5 ett s\u00e5 professionellt s\u00e4tt som m\u00f6jligt - det handlar trots allt om en mycket viktig fr\u00e5ga som h\u00e4lsa och s\u00e4kerhet. F\u00f6r att s\u00e4kerst\u00e4lla att det g\u00e5r s\u00e5 smidigt som m\u00f6jligt \u00e4r det d\u00e4rf\u00f6r l\u00e4mpligt att anv\u00e4nda en utbildningsleverant\u00f6r baserat p\u00e5 instrukt\u00f6rernas rykte och kvaliteten p\u00e5 undervisningen.&nbsp;<\/p>\n\n\n\n<p>Utbildningsprogrammet b\u00f6r fokusera p\u00e5 de specifika aspekterna av arbetet och vara anpassat till f\u00f6retagsh\u00e4lsov\u00e5rden. Med tanke p\u00e5 att medlemmarna redan har f\u00f6rkunskaper om arbetsmilj\u00f6principerna i kraft av sitt yrke, beh\u00f6ver de en annan undervisning \u00e4n nyanst\u00e4llda p\u00e5 arbetsplatsen vars yrke \u00e4r relaterat till f\u00f6retagets k\u00e4rnverksamhet. &nbsp;<\/p>\n\n\n\n<p><strong>Bland n\u00e5gra av de fr\u00e5gor som tagits upp kan f\u00f6ljande vara relevanta:&nbsp;<\/strong><\/p>\n\n\n\n<ul class=\"wp-block-list\">\n<li>lagstadgat anst\u00e4llningsskydd,&nbsp;<\/li>\n\n\n\n<li>den senaste lagstiftningen som p\u00e5verkar tj\u00e4nstens uppgifter,&nbsp;<\/li>\n\n\n\n<li>de senaste tekniska och organisatoriska l\u00f6sningarna som p\u00e5verkar h\u00e4lsa och s\u00e4kerhet p\u00e5 arbetsplatsen,&nbsp;<\/li>\n\n\n\n<li>arbetssjukdomar,&nbsp;<\/li>\n\n\n\n<li>Arbete i riskfyllda positioner och hur man minskar riskerna,&nbsp;<\/li>\n\n\n\n<li>arbetsolyckor och deras analys,&nbsp;<\/li>\n\n\n\n<li>brandskyddsfr\u00e5gor.&nbsp;<\/li>\n<\/ul>","protected":false},"excerpt":{"rendered":"<p>Dlaczego szkolenie BHP jest tak wa\u017cne? Szkolenie bhp jest obowi\u0105zkowym szkoleniem, w ka\u017cdym zawodzie. Jest ono tak wa\u017cne, poniewa\u017c gwarantuje bezpiecze\u0144stwo pracownikom i ka\u017cdy pracodawca ma obowi\u0105zek zapewni\u0107 je swoim pracownikom.&nbsp; Co to jest BHP?&nbsp; BHP \u2013 pe\u0142na nazwa Bezpiecze\u0144stwo i Higiena Pracy. S\u0142u\u017cba BHP stanowi wyodr\u0119bnion\u0105 i wyspecjalizowan\u0105 kom\u00f3rk\u0119 w miejscu pracy, kt\u00f3rej celem [&hellip;]<\/p>\n","protected":false},"author":10,"featured_media":5209,"comment_status":"closed","ping_status":"closed","sticky":false,"template":"","format":"standard","meta":{"footnotes":""},"categories":[1],"tags":[],"class_list":["post-5205","post","type-post","status-publish","format-standard","has-post-thumbnail","hentry","category-bez-kategorii"],"aioseo_notices":[],"_links":{"self":[{"href":"https:\/\/szkolenia-udt.pl\/sv\/wp-json\/wp\/v2\/posts\/5205","targetHints":{"allow":["GET"]}}],"collection":[{"href":"https:\/\/szkolenia-udt.pl\/sv\/wp-json\/wp\/v2\/posts"}],"about":[{"href":"https:\/\/szkolenia-udt.pl\/sv\/wp-json\/wp\/v2\/types\/post"}],"author":[{"embeddable":true,"href":"https:\/\/szkolenia-udt.pl\/sv\/wp-json\/wp\/v2\/users\/10"}],"replies":[{"embeddable":true,"href":"https:\/\/szkolenia-udt.pl\/sv\/wp-json\/wp\/v2\/comments?post=5205"}],"version-history":[{"count":2,"href":"https:\/\/szkolenia-udt.pl\/sv\/wp-json\/wp\/v2\/posts\/5205\/revisions"}],"predecessor-version":[{"id":5270,"href":"https:\/\/szkolenia-udt.pl\/sv\/wp-json\/wp\/v2\/posts\/5205\/revisions\/5270"}],"wp:featuredmedia":[{"embeddable":true,"href":"https:\/\/szkolenia-udt.pl\/sv\/wp-json\/wp\/v2\/media\/5209"}],"wp:attachment":[{"href":"https:\/\/szkolenia-udt.pl\/sv\/wp-json\/wp\/v2\/media?parent=5205"}],"wp:term":[{"taxonomy":"category","embeddable":true,"href":"https:\/\/szkolenia-udt.pl\/sv\/wp-json\/wp\/v2\/categories?post=5205"},{"taxonomy":"post_tag","embeddable":true,"href":"https:\/\/szkolenia-udt.pl\/sv\/wp-json\/wp\/v2\/tags?post=5205"}],"curies":[{"name":"wp","href":"https:\/\/api.w.org\/{rel}","templated":true}]}}